{"id":15724,"date":"2024-08-07T12:14:59","date_gmt":"2024-08-07T12:14:59","guid":{"rendered":"https:\/\/articrea.tn\/?p=15724"},"modified":"2024-08-07T12:43:00","modified_gmt":"2024-08-07T12:43:00","slug":"aromair-lart-de-la-qualite-de-lair-interieur","status":"publish","type":"post","link":"https:\/\/articrea.tn\/en\/aromair-lart-de-la-qualite-de-lair-interieur\/","title":{"rendered":"Aromair \u00abThe Art of Indoor Air Quality \u00bb"},"content":{"rendered":"<div data-elementor-type=\"wp-post\" data-elementor-id=\"15724\" class=\"elementor elementor-15724\" data-elementor-post-type=\"post\">\n\t\t\t\t<div class=\"elementor-element elementor-element-6da1542 e-flex e-con-boxed wpr-particle-no wpr-jarallax-no wpr-parallax-no wpr-sticky-section-no e-con e-parent\" data-id=\"6da1542\" data-element_type=\"container\">\n\t\t\t\t\t<div class=\"e-con-inner\">\n\t\t\t\t<div class=\"elementor-element elementor-element-5f84a46 elementor-widget elementor-widget-image\" data-id=\"5f84a46\" data-element_type=\"widget\" data-widget_type=\"image.default\">\n\t\t\t\t<div class=\"elementor-widget-container\">\n\t\t\t<style>\/*! elementor - v3.23.0 - 05-08-2024 *\/\n.elementor-widget-image{text-align:center}.elementor-widget-image a{display:inline-block}.elementor-widget-image a img[src$=\".svg\"]{width:48px}.elementor-widget-image img{vertical-align:middle;display:inline-block}<\/style>\t\t\t\t\t\t\t\t\t\t<img fetchpriority=\"high\" decoding=\"async\" width=\"458\" height=\"291\" src=\"https:\/\/articrea.tn\/wp-content\/uploads\/2024\/08\/10.png\" class=\"elementor-animation-grow attachment-full size-full wp-image-15727\" alt=\"\" srcset=\"https:\/\/articrea.tn\/wp-content\/uploads\/2024\/08\/10.png 458w, https:\/\/articrea.tn\/wp-content\/uploads\/2024\/08\/10-300x191.png 300w, https:\/\/articrea.tn\/wp-content\/uploads\/2024\/08\/10-18x12.png 18w\" sizes=\"(max-width: 458px) 100vw, 458px\" \/>\t\t\t\t\t\t\t\t\t\t\t\t\t<\/div>\n\t\t\t\t<\/div>\n\t\t\t\t\t<\/div>\n\t\t\t\t<\/div>\n\t\t<div class=\"elementor-element elementor-element-0d5f8ae e-flex e-con-boxed wpr-particle-no wpr-jarallax-no wpr-parallax-no wpr-sticky-section-no e-con e-parent\" data-id=\"0d5f8ae\" data-element_type=\"container\">\n\t\t\t\t\t<div class=\"e-con-inner\">\n\t\t\t\t<div class=\"elementor-element elementor-element-87094dd elementor-widget elementor-widget-text-editor\" data-id=\"87094dd\" data-element_type=\"widget\" data-widget_type=\"text-editor.default\">\n\t\t\t\t<div class=\"elementor-widget-container\">\n\t\t\t<style>\/*! elementor - v3.23.0 - 05-08-2024 *\/\n.elementor-widget-text-editor.elementor-drop-cap-view-stacked .elementor-drop-cap{background-color:#69727d;color:#fff}.elementor-widget-text-editor.elementor-drop-cap-view-framed .elementor-drop-cap{color:#69727d;border:3px solid;background-color:transparent}.elementor-widget-text-editor:not(.elementor-drop-cap-view-default) .elementor-drop-cap{margin-top:8px}.elementor-widget-text-editor:not(.elementor-drop-cap-view-default) .elementor-drop-cap-letter{width:1em;height:1em}.elementor-widget-text-editor .elementor-drop-cap{float:left;text-align:center;line-height:1;font-size:50px}.elementor-widget-text-editor .elementor-drop-cap-letter{display:inline-block}<\/style>\t\t\t\t<p>Aromair, founded by Rim Debbich, a PhD candidate in law and president of an economic interest group in Tunis, is revolutionizing indoor air quality with solutions ranging from odor control to custom-made ambient fragrances. Since its establishment in 2013, Aromair has been offering diffusers for spaces ranging from 80m\u00b2 to 10,000m\u00b2, used in various sectors such as hotels, airports, and even homes.<\/p><p>The diffusers, made from Tunisian ceramics and adorned with traditional calligraphy and designs, celebrate local heritage. Participating for the first time in the Artisan Creation Fair, Aromair aims to increase its visibility. The company offers flexible payment options and a 7-year warranty, targeting clients who seek quality and innovation.<\/p><p><strong>Rim Debbich<\/strong> was awarded the 2024 Tunisian Woman Entrepreneur of the Year award and the European Union Innovation Award. Inspired by nature and Tunisian scents, she founded Aromair to combine her love of craftsmanship with her legal expertise. Aromair collaborates with painters and calligraphers to create unique pieces, certified by laboratories, and continues to innovate in the field of ambient fragrances and diffusers.<\/p>\t\t\t\t\t\t<\/div>\n\t\t\t\t<\/div>\n\t\t\t\t\t<\/div>\n\t\t\t\t<\/div>\n\t\t<div class=\"elementor-element elementor-element-b67b323 e-flex e-con-boxed wpr-particle-no wpr-jarallax-no wpr-parallax-no wpr-sticky-section-no e-con e-parent\" data-id=\"b67b323\" data-element_type=\"container\">\n\t\t\t\t\t<div class=\"e-con-inner\">\n\t\t\t\t<div class=\"elementor-element elementor-element-4d1e418 elementor-icon-list--layout-traditional elementor-list-item-link-full_width elementor-widget elementor-widget-icon-list\" data-id=\"4d1e418\" data-element_type=\"widget\" data-widget_type=\"icon-list.default\">\n\t\t\t\t<div class=\"elementor-widget-container\">\n\t\t\t<link rel=\"stylesheet\" href=\"http:\/\/articrea.tn\/wp-content\/plugins\/elementor\/assets\/css\/widget-icon-list.min.css\">\t\t<ul class=\"elementor-icon-list-items\">\n\t\t\t\t\t\t\t<li class=\"elementor-icon-list-item\">\n\t\t\t\t\t\t\t\t\t\t\t<span class=\"elementor-icon-list-icon\">\n\t\t\t\t\t\t\t<svg aria-hidden=\"true\" class=\"e-font-icon-svg e-fas-phone-alt\" viewbox=\"0 0 512 512\" xmlns=\"http:\/\/www.w3.org\/2000\/svg\"><path d=\"M497.39 361.8l-112-48a24 24 0 0 0-28 6.9l-49.6 60.6A370.66 370.66 0 0 1 130.6 204.11l60.6-49.6a23.94 23.94 0 0 0 6.9-28l-48-112A24.16 24.16 0 0 0 122.6.61l-104 24A24 24 0 0 0 0 48c0 256.5 207.9 464 464 464a24 24 0 0 0 23.4-18.6l24-104a24.29 24.29 0 0 0-14.01-27.6z\"><\/path><\/svg>\t\t\t\t\t\t<\/span>\n\t\t\t\t\t\t\t\t\t\t<span class=\"elementor-icon-list-text\"> +216 98 945 250 \/ 99 289 544<\/span>\n\t\t\t\t\t\t\t\t\t<\/li>\n\t\t\t\t\t\t\t\t<li class=\"elementor-icon-list-item\">\n\t\t\t\t\t\t\t\t\t\t\t<span class=\"elementor-icon-list-icon\">\n\t\t\t\t\t\t\t<svg aria-hidden=\"true\" class=\"e-font-icon-svg e-far-envelope\" viewbox=\"0 0 512 512\" xmlns=\"http:\/\/www.w3.org\/2000\/svg\"><path d=\"M464 64H48C21.49 64 0 85.49 0 112v288c0 26.51 21.49 48 48 48h416c26.51 0 48-21.49 48-48V112c0-26.51-21.49-48-48-48zm0 48v40.805c-22.422 18.259-58.168 46.651-134.587 106.49-16.841 13.247-50.201 45.072-73.413 44.701-23.208.375-56.579-31.459-73.413-44.701C106.18 199.465 70.425 171.067 48 152.805V112h416zM48 400V214.398c22.914 18.251 55.409 43.862 104.938 82.646 21.857 17.205 60.134 55.186 103.062 54.955 42.717.231 80.509-37.199 103.053-54.947 49.528-38.783 82.032-64.401 104.947-82.653V400H48z\"><\/path><\/svg>\t\t\t\t\t\t<\/span>\n\t\t\t\t\t\t\t\t\t\t<span class=\"elementor-icon-list-text\">commercial@arom-air.com<\/span>\n\t\t\t\t\t\t\t\t\t<\/li>\n\t\t\t\t\t\t<\/ul>\n\t\t\t\t<\/div>\n\t\t\t\t<\/div>\n\t\t\t\t\t<\/div>\n\t\t\t\t<\/div>\n\t\t\t\t<\/div>","protected":false},"excerpt":{"rendered":"<p>Aromair, fond\u00e9e par Rim Debbich, doctorante en droit et pr\u00e9sidente d\u2019un groupement d\u2019int\u00e9r\u00eat \u00e9conomique \u00e0 Tunis, r\u00e9volutionne la qualit\u00e9 de l\u2019air int\u00e9rieur avec des solutions allant du traitement des mauvaises odeurs aux parfums d\u2019ambiance sur mesure. Depuis sa cr\u00e9ation en 2013, Aromair propose des diffuseurs pour des espaces allant de 80m\u00b2 \u00e0 10000m\u00b2, utilis\u00e9s dans divers secteurs comme les h\u00f4tels et les a\u00e9roports et m\u00eame dans les maisons. Les diffuseurs, fabriqu\u00e9s en c\u00e9ramique tunisienne et d\u00e9cor\u00e9s de calligraphies et dessins traditionnels, valorisent l\u2019h\u00e9ritage local. Participant pour la premi\u00e8re fois au Salon de la Cr\u00e9ation Artisanale, Aromair cherche \u00e0 accro\u00eetre sa visibilit\u00e9. L\u2019entreprise offre des facilit\u00e9s de paiement et une garantie de 7 ans, ciblant une client\u00e8le en qu\u00eate de qualit\u00e9 et d\u2019innovation. Rim Debbich a \u00e9t\u00e9 r\u00e9compens\u00e9e par le prix de la femme entrepreneur de Tunisie 2024 et le prix de l\u2019Union Europ\u00e9enne de l\u2019innovation. Inspir\u00e9e par la nature et les odeurs tunisiennes, elle a fond\u00e9 Aromair pour marier son amour de l\u2019artisanat avec son expertise juridique. Aromair collabore avec des peintres et des calligraphes pour cr\u00e9er des pi\u00e8ces uniques, certifi\u00e9es par des laboratoires, et continue d\u2019innover dans le domaine des parfums d\u2019ambiance et des diffuseurs. +216 98 945 250 \/ 99 289 544 commercial@arom-air.com<\/p>","protected":false},"author":7,"featured_media":15726,"comment_status":"open","ping_status":"open","sticky":false,"template":"","format":"standard","meta":{"om_disable_all_campaigns":false,"_monsterinsights_skip_tracking":false,"_monsterinsights_sitenote_active":false,"_monsterinsights_sitenote_note":"","_monsterinsights_sitenote_category":0,"footnotes":""},"categories":[16],"tags":[],"class_list":["post-15724","post","type-post","status-publish","format-standard","has-post-thumbnail","hentry","category-blog-grid-view"],"aioseo_notices":[],"_links":{"self":[{"href":"https:\/\/articrea.tn\/en\/wp-json\/wp\/v2\/posts\/15724","targetHints":{"allow":["GET"]}}],"collection":[{"href":"https:\/\/articrea.tn\/en\/wp-json\/wp\/v2\/posts"}],"about":[{"href":"https:\/\/articrea.tn\/en\/wp-json\/wp\/v2\/types\/post"}],"author":[{"embeddable":true,"href":"https:\/\/articrea.tn\/en\/wp-json\/wp\/v2\/users\/7"}],"replies":[{"embeddable":true,"href":"https:\/\/articrea.tn\/en\/wp-json\/wp\/v2\/comments?post=15724"}],"version-history":[{"count":0,"href":"https:\/\/articrea.tn\/en\/wp-json\/wp\/v2\/posts\/15724\/revisions"}],"wp:featuredmedia":[{"embeddable":true,"href":"https:\/\/articrea.tn\/en\/wp-json\/wp\/v2\/media\/15726"}],"wp:attachment":[{"href":"https:\/\/articrea.tn\/en\/wp-json\/wp\/v2\/media?parent=15724"}],"wp:term":[{"taxonomy":"category","embeddable":true,"href":"https:\/\/articrea.tn\/en\/wp-json\/wp\/v2\/categories?post=15724"},{"taxonomy":"post_tag","embeddable":true,"href":"https:\/\/articrea.tn\/en\/wp-json\/wp\/v2\/tags?post=15724"}],"curies":[{"name":"wp","href":"https:\/\/api.w.org\/{rel}","templated":true}]}}